{"id":819,"date":"2004-04-03T20:07:34","date_gmt":"2004-04-04T01:07:34","guid":{"rendered":"http:\/\/www.yvancliche.org\/?p=819"},"modified":"2013-12-03T20:19:09","modified_gmt":"2013-12-04T01:19:09","slug":"le-mythe-du-developpement","status":"publish","type":"post","link":"https:\/\/www.yvancliche.org\/?p=819","title":{"rendered":"Le mythe du d\u00e9veloppement"},"content":{"rendered":"<p>Oswaldo de Rivero, le mythe du d\u00e9veloppement, Montr\u00e9al, \u00c9cosoci\u00e9t\u00e9, 2003.<\/p>\n<p>Nuit blanche, no. 94, avril 2004<\/p>\n<p>Au sortir des ind\u00e9pendances nationales durement acquises durant les d\u00e9cennies 1950 et 1960, l&rsquo;ambiance qui r\u00e9gnait dans la communaut\u00e9 internationale en \u00e9tait une d&rsquo;optimisme face au d\u00e9veloppement des pays dits du tiers-monde. <\/p>\n<p>L&rsquo;expression \u00ab pays en voie de d\u00e9veloppement \u00bb s&rsquo;est alors impos\u00e9e pour mieux qualifier ce nouveau groupe d&rsquo;\u00c9tats, qui devaient atteindre, tout au plus en une ou deux g\u00e9n\u00e9rations, l&rsquo;aisance mat\u00e9rielle des nations occidentales. <\/p>\n<p>En ce d\u00e9but du XXIe si\u00e8cle, force est de constater, insiste l&rsquo;auteur, un diplomate p\u00e9ruvien, que ces pays ne se d\u00e9velopperont jamais comme pr\u00e9vu, pire, plusieurs s&rsquo;enfoncent dans une plus grande mis\u00e8re qu&rsquo;autrefois. Le suppos\u00e9 progr\u00e8s vers le d\u00e9veloppement est en fait devenu un non-d\u00e9veloppement, un d\u00e9clin progressif confinant ces pays dans la non-viabilit\u00e9 \u00e9conomique permanente, cr\u00e9ant ainsi ce que l&rsquo;auteur nomme des ECI, des entit\u00e9s chaotiques ingouvernables : explosion urbaine, pr\u00e9dominance du secteur informel, exclusion sociale, frustration grandissante canalis\u00e9e par un vif d\u00e9sir d&rsquo;\u00e9migration des jeunes. <\/p>\n<p>Les avantages reconnus \u00e0 ces entit\u00e9s il y a 30 ans, soit une main-d&rsquo;\u0153uvre peu ch\u00e8re et des mati\u00e8res premi\u00e8res, n&rsquo;en sont plus. La r\u00e9volution technologique se passe maintenant de ces facteurs autrefois garants du d\u00e9collage \u00e9conomique. <\/p>\n<p>De plus, \u00ab l&rsquo;id\u00e9e que l&rsquo;on pouvait reproduire le mod\u00e8le europ\u00e9en d&rsquo;\u00c9tat-nation s&rsquo;est r\u00e9v\u00e9l\u00e9e non seulement fausse mais aussi dangereuse pour la stabilit\u00e9 mondiale et r\u00e9gionale \u00bb. De toute mani\u00e8re, remarque l&rsquo;auteur, la mondialisation du mode de vie occidental entra\u00eenerait de graves probl\u00e8mes, la biosph\u00e8re \u00e9tant incapable de soutenir \u00e0 plus grande \u00e9chelle une consommation semblable \u00e0 celle des pays riches. Comment s&rsquo;en sortir ? Le diplomate pr\u00e9conise un changement de concept : du d\u00e9veloppement national\u2026\u00e0 la survie nationale. <\/p>\n<p>Il s&rsquo;agit de concentrer les efforts non pas \u00e0 reproduire vainement le mod\u00e8le occidental mais \u00e0 satisfaire les besoins de base de toute population humaine : disponibilit\u00e9 des aliments, de l&rsquo;eau, de l&rsquo;\u00e9nergie, croissance d\u00e9mographique contenue, et cr\u00e9ation d&rsquo;une richesse minimale pour financer ces priorit\u00e9s.<\/p>\n","protected":false},"excerpt":{"rendered":"<p>Oswaldo de Rivero, le mythe du d\u00e9veloppement, Montr\u00e9al, \u00c9cosoci\u00e9t\u00e9, 2003. Nuit blanche, no. 94, avril 2004 Au sortir des ind\u00e9pendances nationales durement acquises durant les d\u00e9cennies 1950 et 1960, l&rsquo;ambiance qui r\u00e9gnait dans la communaut\u00e9 internationale en \u00e9tait une d&rsquo;optimisme face au d\u00e9veloppement des pays dits du tiers-monde. L&rsquo;expression \u00ab pays en voie de d\u00e9veloppement [&hellip;]<\/p>\n","protected":false},"author":1,"featured_media":0,"comment_status":"open","ping_status":"open","sticky":false,"template":"","format":"standard","meta":{"footnotes":""},"categories":[4],"tags":[56,293],"class_list":["post-819","post","type-post","status-publish","format-standard","hentry","category-critique_de_livres","tag-developpement","tag-oswaldo-de-rivero"],"_links":{"self":[{"href":"https:\/\/www.yvancliche.org\/index.php?rest_route=\/wp\/v2\/posts\/819","targetHints":{"allow":["GET"]}}],"collection":[{"href":"https:\/\/www.yvancliche.org\/index.php?rest_route=\/wp\/v2\/posts"}],"about":[{"href":"https:\/\/www.yvancliche.org\/index.php?rest_route=\/wp\/v2\/types\/post"}],"author":[{"embeddable":true,"href":"https:\/\/www.yvancliche.org\/index.php?rest_route=\/wp\/v2\/users\/1"}],"replies":[{"embeddable":true,"href":"https:\/\/www.yvancliche.org\/index.php?rest_route=%2Fwp%2Fv2%2Fcomments&post=819"}],"version-history":[{"count":4,"href":"https:\/\/www.yvancliche.org\/index.php?rest_route=\/wp\/v2\/posts\/819\/revisions"}],"predecessor-version":[{"id":827,"href":"https:\/\/www.yvancliche.org\/index.php?rest_route=\/wp\/v2\/posts\/819\/revisions\/827"}],"wp:attachment":[{"href":"https:\/\/www.yvancliche.org\/index.php?rest_route=%2Fwp%2Fv2%2Fmedia&parent=819"}],"wp:term":[{"taxonomy":"category","embeddable":true,"href":"https:\/\/www.yvancliche.org\/index.php?rest_route=%2Fwp%2Fv2%2Fcategories&post=819"},{"taxonomy":"post_tag","embeddable":true,"href":"https:\/\/www.yvancliche.org\/index.php?rest_route=%2Fwp%2Fv2%2Ftags&post=819"}],"curies":[{"name":"wp","href":"https:\/\/api.w.org\/{rel}","templated":true}]}}