{"id":836,"date":"2004-01-03T20:36:49","date_gmt":"2004-01-04T01:36:49","guid":{"rendered":"http:\/\/www.yvancliche.org\/?p=836"},"modified":"2013-12-03T20:38:53","modified_gmt":"2013-12-04T01:38:53","slug":"memoire-de-ma-memoire","status":"publish","type":"post","link":"https:\/\/www.yvancliche.org\/?p=836","title":{"rendered":"M\u00e9moire de ma m\u00e9moire"},"content":{"rendered":"<p>G\u00e9rard Chaliand, M\u00e9moire de ma m\u00e9moire, Paris, Julliard, 2003.<\/p>\n<p>Nuit blanche, no. 93, janvier 2004<\/p>\n<p>Pour les passionn\u00e9s d&rsquo;histoire et de g\u00e9opolitique, G\u00e9rard Chaliand reste une r\u00e9f\u00e9rence depuis maintenant trois d\u00e9cennies. Ses atlas g\u00e9ostrat\u00e9giques et ses ouvrages politiques, tir\u00e9s de ses p\u00e9r\u00e9grinations, ont form\u00e9 nombres de f\u00e9rus de politique mondiale, particuli\u00e8rement dans la sph\u00e8re francophone.<\/p>\n<p>   C&rsquo;est par la voie du r\u00e9cit po\u00e9tique que cet homme \u00e0 la plume alerte se commet cette fois sur un sujet hautement sensible et plus personnel, le massacre des Arm\u00e9niens par les Turcs, au d\u00e9but du si\u00e8cle, principalement en 1915-1916. Arm\u00e9nien d&rsquo;origine, mais de culture occidentale, G\u00e9rard Chaliand se rem\u00e9more son pass\u00e9 le plus lointain pour rendre un ultime hommage \u00e0 ses anc\u00eatres combattants et ranimer le souvenir de cette douloureuse p\u00e9riode pour la soci\u00e9t\u00e9 arm\u00e9nienne, la premi\u00e8re tache noire d&rsquo;un XXe si\u00e8cle riche en trag\u00e9dies.<\/p>\n<p>   Le r\u00e9sultat en est un r\u00e9cit palpitant, compos\u00e9 de rappels historiques et de reconstitutions imagin\u00e9es par l&rsquo;auteur, de la vie de ce peuple dans son combat h\u00e9ro\u00efque pour sa survie et pour sa libert\u00e9. Une m\u00e9moire habit\u00e9e par la pire des douleurs, celle d&rsquo;\u00ab assister impuissant \u00e0 la torture et \u00e0 la mort de ceux qu&rsquo;on aime \u00bb.<\/p>\n<p>   G\u00e9rard Chaliand \u00e9voque les premiers pogroms anti-arm\u00e9niens, o\u00f9 son grand-p\u00e8re maternel, a\u00een\u00e9 d&rsquo;une famille de six enfants, a vu son p\u00e8re assassin\u00e9 en 1895 sous les ordres du sultan turc. L&rsquo;\u0153uvre n\u00e9faste s&rsquo;est poursuivie lors de la Premi\u00e8re Guerre mondiale, les Turcs consid\u00e9rant les Arm\u00e9niens comme un obstacle au panturquisme, derni\u00e8re tentative de sauvegarde d&rsquo;un empire d\u00e9liquescent, rapi\u00e9c\u00e9 par le colonialisme europ\u00e9en. La moiti\u00e9 de la population arm\u00e9nienne sera extermin\u00e9e. Seulement deux des neuf enfants de la famille paternelle de l&rsquo;auteur survivent, leurs \u00e2mes \u00e0 jamais habit\u00e9es de ces morts sans s\u00e9pulture.<\/p>\n<p>   Le dernier chapitre, \u00e9mouvant, est celui d&rsquo;un homme se sachant pr\u00e8s de la fin de sa vie et r\u00e9fl\u00e9chissant \u00e0 ce lourd h\u00e9ritage de sang, \u00ab ce pass\u00e9 dont je n&rsquo;avais pas voulu \u00bb. Il y explique les raisons de ce t\u00e9moignage tardif. \u00ab Ce qui n&rsquo;a pas \u00e9t\u00e9 consign\u00e9 n&rsquo;existe pas \u00bb, \u00e9crit G\u00e9rard Chaliand, qui conclut avec lucidit\u00e9 que \u00ab la violence est au c\u0153ur de l&rsquo;esp\u00e8ce et la fureur de dominer n&rsquo;est surpass\u00e9e que par le d\u00e9sir de vivre, si chevill\u00e9 qu&rsquo;il engendre souvent la servitude \u00bb.<\/p>\n","protected":false},"excerpt":{"rendered":"<p>G\u00e9rard Chaliand, M\u00e9moire de ma m\u00e9moire, Paris, Julliard, 2003. Nuit blanche, no. 93, janvier 2004 Pour les passionn\u00e9s d&rsquo;histoire et de g\u00e9opolitique, G\u00e9rard Chaliand reste une r\u00e9f\u00e9rence depuis maintenant trois d\u00e9cennies. Ses atlas g\u00e9ostrat\u00e9giques et ses ouvrages politiques, tir\u00e9s de ses p\u00e9r\u00e9grinations, ont form\u00e9 nombres de f\u00e9rus de politique mondiale, particuli\u00e8rement dans la sph\u00e8re francophone. [&hellip;]<\/p>\n","protected":false},"author":1,"featured_media":0,"comment_status":"open","ping_status":"open","sticky":false,"template":"","format":"standard","meta":{"footnotes":""},"categories":[4],"tags":[300,299],"class_list":["post-836","post","type-post","status-publish","format-standard","hentry","category-critique_de_livres","tag-armenie","tag-gerard-chaliand"],"_links":{"self":[{"href":"https:\/\/www.yvancliche.org\/index.php?rest_route=\/wp\/v2\/posts\/836","targetHints":{"allow":["GET"]}}],"collection":[{"href":"https:\/\/www.yvancliche.org\/index.php?rest_route=\/wp\/v2\/posts"}],"about":[{"href":"https:\/\/www.yvancliche.org\/index.php?rest_route=\/wp\/v2\/types\/post"}],"author":[{"embeddable":true,"href":"https:\/\/www.yvancliche.org\/index.php?rest_route=\/wp\/v2\/users\/1"}],"replies":[{"embeddable":true,"href":"https:\/\/www.yvancliche.org\/index.php?rest_route=%2Fwp%2Fv2%2Fcomments&post=836"}],"version-history":[{"count":1,"href":"https:\/\/www.yvancliche.org\/index.php?rest_route=\/wp\/v2\/posts\/836\/revisions"}],"predecessor-version":[{"id":837,"href":"https:\/\/www.yvancliche.org\/index.php?rest_route=\/wp\/v2\/posts\/836\/revisions\/837"}],"wp:attachment":[{"href":"https:\/\/www.yvancliche.org\/index.php?rest_route=%2Fwp%2Fv2%2Fmedia&parent=836"}],"wp:term":[{"taxonomy":"category","embeddable":true,"href":"https:\/\/www.yvancliche.org\/index.php?rest_route=%2Fwp%2Fv2%2Fcategories&post=836"},{"taxonomy":"post_tag","embeddable":true,"href":"https:\/\/www.yvancliche.org\/index.php?rest_route=%2Fwp%2Fv2%2Ftags&post=836"}],"curies":[{"name":"wp","href":"https:\/\/api.w.org\/{rel}","templated":true}]}}