{"id":853,"date":"2004-06-03T21:04:21","date_gmt":"2004-06-04T01:04:21","guid":{"rendered":"http:\/\/www.yvancliche.org\/?p=853"},"modified":"2013-12-03T21:10:01","modified_gmt":"2013-12-04T02:10:01","slug":"le-marche-de-droit-divin-capitalisme-sauvage-et-populisme-de-marche","status":"publish","type":"post","link":"https:\/\/www.yvancliche.org\/?p=853","title":{"rendered":"Le march\u00e9 de droit divin. Capitalisme sauvage et populisme de march\u00e9"},"content":{"rendered":"<p>Thomas Frank, Le march\u00e9 de droit divin. Capitalisme sauvage et populisme de march\u00e9, Montr\u00e9al, Lux, 2003.<\/p>\n<p>Nuit blanche, num\u00e9ro 95, juin 2004<\/p>\n<p>Bien peu d&rsquo;entre nous n&rsquo;ont pas \u00e9t\u00e9 enivr\u00e9s par la vague haussi\u00e8re des march\u00e9s financiers de la d\u00e9cennie 1990. Pouss\u00e9s par cette croissance r\u00e9guli\u00e8re et impr\u00e9vue, nombre de citoyens ont investi leur capital qui s&rsquo;est appr\u00e9ci\u00e9 de mani\u00e8re substantielle et se sont mis \u00e0 r\u00eaver d&rsquo;une retraite h\u00e2tive, dans les lieux les plus exotiques. <\/p>\n<p>Soutenant \u00e0 fond cette explosion v\u00e9cue comme une nouvelle \u00e8re, les m\u00e9dias ont rivalis\u00e9 d&rsquo;histoires, \u00e0 attiser l&rsquo;envie, d&rsquo;entrepreneurs, et m\u00eame de citoyens ordinaires, devenus subitement ind\u00e9pendants de fortune gr\u00e2ce \u00e0 leur investissement en haute technologie, qui dans une compagnie Internet, qui dans une jeune entreprise biopharmaceutique.<\/p>\n<p>\u00c9crit tout juste apr\u00e8s la spectaculaire d\u00e9b\u00e2cle des march\u00e9s boursiers, en 2000, le livre de Thomas Frank, un journaliste am\u00e9ricain et collaborateur au Monde diplomatique, d\u00e9nonce vertement ce qu&rsquo;il nomme le \u00ab populisme de march\u00e9 \u00bb, ce dogme quasi religieux mettant en symbiose l&rsquo;\u00e9conomie de march\u00e9 et la d\u00e9mocratie. <\/p>\n<p>Les deux concepts, selon les id\u00e9ologues n\u00e9o-conservateurs, ne feraient qu&rsquo;un, si bien que combattre le march\u00e9, c&rsquo;est lutter contre l&rsquo;expression d&rsquo;une d\u00e9mocratie \u00ab r\u00e9elle \u00bb, \u00ab naturelle \u00bb, touchant de mani\u00e8re \u00e9galitaire tous les citoyens. Les privatisations, les d\u00e9r\u00e9glementations de maints secteurs \u00e9conomiques et autres \u00ab pl\u00e9biscites plan\u00e9taires \u00bb pro-march\u00e9 sont ainsi pr\u00e9sent\u00e9s comme autant d&rsquo;actions au service du bien-\u00eatre collectif. <\/p>\n<p>Or, bien au contraire, insiste l&rsquo;auteur, cette id\u00e9ologie renforce l&rsquo;iniquit\u00e9 de la r\u00e9partition des richesses, \u00ab la destruction du contrat social \u00e9labor\u00e9 au milieu du si\u00e8cle, la fameuse R\u00e9publique de la classe moyenne \u00bb. C&rsquo;est plut\u00f4t \u00e0 travers le contr\u00f4le des march\u00e9s que se sont d\u00e9velopp\u00e9s la prosp\u00e9rit\u00e9 et la d\u00e9mocratie, et non l&rsquo;inverse. <\/p>\n<p>D&rsquo;o\u00f9 l&rsquo;imp\u00e9rieuse n\u00e9cessit\u00e9 de contrer avec force cette id\u00e9ologie, actuellement dominante, qui d\u00e9truit le v\u00e9ritable progr\u00e8s, soit celui qui profite au plus grand nombre.<\/p>\n","protected":false},"excerpt":{"rendered":"<p>Thomas Frank, Le march\u00e9 de droit divin. Capitalisme sauvage et populisme de march\u00e9, Montr\u00e9al, Lux, 2003. Nuit blanche, num\u00e9ro 95, juin 2004 Bien peu d&rsquo;entre nous n&rsquo;ont pas \u00e9t\u00e9 enivr\u00e9s par la vague haussi\u00e8re des march\u00e9s financiers de la d\u00e9cennie 1990. Pouss\u00e9s par cette croissance r\u00e9guli\u00e8re et impr\u00e9vue, nombre de citoyens ont investi leur capital [&hellip;]<\/p>\n","protected":false},"author":1,"featured_media":0,"comment_status":"open","ping_status":"open","sticky":false,"template":"","format":"standard","meta":{"footnotes":""},"categories":[4],"tags":[314,313],"class_list":["post-853","post","type-post","status-publish","format-standard","hentry","category-critique_de_livres","tag-capitalisme","tag-thomas-frank"],"_links":{"self":[{"href":"https:\/\/www.yvancliche.org\/index.php?rest_route=\/wp\/v2\/posts\/853","targetHints":{"allow":["GET"]}}],"collection":[{"href":"https:\/\/www.yvancliche.org\/index.php?rest_route=\/wp\/v2\/posts"}],"about":[{"href":"https:\/\/www.yvancliche.org\/index.php?rest_route=\/wp\/v2\/types\/post"}],"author":[{"embeddable":true,"href":"https:\/\/www.yvancliche.org\/index.php?rest_route=\/wp\/v2\/users\/1"}],"replies":[{"embeddable":true,"href":"https:\/\/www.yvancliche.org\/index.php?rest_route=%2Fwp%2Fv2%2Fcomments&post=853"}],"version-history":[{"count":1,"href":"https:\/\/www.yvancliche.org\/index.php?rest_route=\/wp\/v2\/posts\/853\/revisions"}],"predecessor-version":[{"id":854,"href":"https:\/\/www.yvancliche.org\/index.php?rest_route=\/wp\/v2\/posts\/853\/revisions\/854"}],"wp:attachment":[{"href":"https:\/\/www.yvancliche.org\/index.php?rest_route=%2Fwp%2Fv2%2Fmedia&parent=853"}],"wp:term":[{"taxonomy":"category","embeddable":true,"href":"https:\/\/www.yvancliche.org\/index.php?rest_route=%2Fwp%2Fv2%2Fcategories&post=853"},{"taxonomy":"post_tag","embeddable":true,"href":"https:\/\/www.yvancliche.org\/index.php?rest_route=%2Fwp%2Fv2%2Ftags&post=853"}],"curies":[{"name":"wp","href":"https:\/\/api.w.org\/{rel}","templated":true}]}}