{"id":855,"date":"2004-06-03T21:10:23","date_gmt":"2004-06-04T01:10:23","guid":{"rendered":"http:\/\/www.yvancliche.org\/?p=855"},"modified":"2013-12-03T21:44:36","modified_gmt":"2013-12-04T02:44:36","slug":"la-frontera-lodysee-dune-famille-mexicaine","status":"publish","type":"post","link":"https:\/\/www.yvancliche.org\/?p=855","title":{"rendered":"La frontera. L&rsquo;odys\u00e9e d&rsquo;une famille mexicaine"},"content":{"rendered":"<p>Rub\u00e9n Martinez, La frontera. L&rsquo;odys\u00e9e d&rsquo;une famille mexicaine, Paris, Albin Michel, 2004.<\/p>\n<p>Nuit blanche, num\u00e9ro 95, juin 2004<\/p>\n<p>Les connaisseurs de l&rsquo;actualit\u00e9 am\u00e9ricaine entendent r\u00e9guli\u00e8rement parler de la rage de nombreux Mexicains d\u00e9cid\u00e9s \u00e0 passer, \u00e0 tout prix, la fronti\u00e8re s\u00e9parant le Mexique des \u00c9tats-Unis, question de fuir une pauvret\u00e9 end\u00e9mique qui leur appara\u00eet implacable dans leur pays.<\/p>\n<p>Bien moins connus sont les d\u00e9tails entourant cette aventure humaine que constitue pour chaque immigrant le saut vers le r\u00eave am\u00e9ricain. Prenant pr\u00e9texte d&rsquo;un accident de la route ayant co\u00fbt\u00e9 la vie \u00e0 trois membres d&rsquo;une m\u00eame famille apr\u00e8s qu&rsquo;ils eurent franchi la fronti\u00e8re, l&rsquo;auteur d\u00e9voile, dans une fresque riche en d\u00e9tails, les motivations qui poussent des milliers de Mexicains, et autres Latino-Am\u00e9ricains, \u00e0 tenter leur chance chez le voisin du nord. <\/p>\n<p>Le r\u00e9cit est d&rsquo;autant plus captivant que l&rsquo;auteur suit, sur une longue p\u00e9riode, la trajectoire d&rsquo;une famille et de son voisinage, pour qui le grand projet de vie est de traverser cette fameuse fronti\u00e8re, qui est, pour eux, plus qu&rsquo;une simple d\u00e9marcation physique : c&rsquo;est un tremplin vers un monde imagin\u00e9 salvateur, m\u00eame si celui-ci signifie des emplois mal r\u00e9mun\u00e9r\u00e9s au service d&rsquo;Am\u00e9ricains bien nantis et des conditions de travail peu enviables.<\/p>\n<p>Le propos insiste beaucoup sur les tr\u00e9sors d&rsquo;imagination d\u00e9ploy\u00e9s par les migrants pour franchir la frontera, \u00e0 l&rsquo;insu de la redoutable Border Patrol. <\/p>\n<p>\u00ab [&#8230;] la bataille qui se livre ici a toutes les composantes d&rsquo;une guerre larv\u00e9e entre deux bellig\u00e9rants, l&rsquo;un muni d&rsquo;un mat\u00e9riel de surveillance hyper-sophistiqu\u00e9, l&rsquo;autre ne poss\u00e9dant que l&rsquo;ing\u00e9niosit\u00e9 qu&rsquo;inspirent la mis\u00e8re et le d\u00e9sir. \u00bb<\/p>\n<p>\u00c9tude de terrain d&rsquo;un mouvement migratoire de grande envergure, ce livre est aussi un t\u00e9moignage permettant de comprendre, de l&rsquo;int\u00e9rieur, les motifs de d\u00e9placements similaires, par exemple entre l&rsquo;Afrique du Nord et l&rsquo;Europe. \u00c0 ce titre, il apporte une contribution majeure \u00e0 un des ph\u00e9nom\u00e8nes les plus marquants de notre temps.<\/p>\n","protected":false},"excerpt":{"rendered":"<p>Rub\u00e9n Martinez, La frontera. L&rsquo;odys\u00e9e d&rsquo;une famille mexicaine, Paris, Albin Michel, 2004. Nuit blanche, num\u00e9ro 95, juin 2004 Les connaisseurs de l&rsquo;actualit\u00e9 am\u00e9ricaine entendent r\u00e9guli\u00e8rement parler de la rage de nombreux Mexicains d\u00e9cid\u00e9s \u00e0 passer, \u00e0 tout prix, la fronti\u00e8re s\u00e9parant le Mexique des \u00c9tats-Unis, question de fuir une pauvret\u00e9 end\u00e9mique qui leur appara\u00eet implacable [&hellip;]<\/p>\n","protected":false},"author":1,"featured_media":0,"comment_status":"open","ping_status":"open","sticky":false,"template":"","format":"standard","meta":{"footnotes":""},"categories":[4],"tags":[316,317,315],"class_list":["post-855","post","type-post","status-publish","format-standard","hentry","category-critique_de_livres","tag-immigration","tag-mexique","tag-ruben-martinez"],"_links":{"self":[{"href":"https:\/\/www.yvancliche.org\/index.php?rest_route=\/wp\/v2\/posts\/855","targetHints":{"allow":["GET"]}}],"collection":[{"href":"https:\/\/www.yvancliche.org\/index.php?rest_route=\/wp\/v2\/posts"}],"about":[{"href":"https:\/\/www.yvancliche.org\/index.php?rest_route=\/wp\/v2\/types\/post"}],"author":[{"embeddable":true,"href":"https:\/\/www.yvancliche.org\/index.php?rest_route=\/wp\/v2\/users\/1"}],"replies":[{"embeddable":true,"href":"https:\/\/www.yvancliche.org\/index.php?rest_route=%2Fwp%2Fv2%2Fcomments&post=855"}],"version-history":[{"count":2,"href":"https:\/\/www.yvancliche.org\/index.php?rest_route=\/wp\/v2\/posts\/855\/revisions"}],"predecessor-version":[{"id":878,"href":"https:\/\/www.yvancliche.org\/index.php?rest_route=\/wp\/v2\/posts\/855\/revisions\/878"}],"wp:attachment":[{"href":"https:\/\/www.yvancliche.org\/index.php?rest_route=%2Fwp%2Fv2%2Fmedia&parent=855"}],"wp:term":[{"taxonomy":"category","embeddable":true,"href":"https:\/\/www.yvancliche.org\/index.php?rest_route=%2Fwp%2Fv2%2Fcategories&post=855"},{"taxonomy":"post_tag","embeddable":true,"href":"https:\/\/www.yvancliche.org\/index.php?rest_route=%2Fwp%2Fv2%2Ftags&post=855"}],"curies":[{"name":"wp","href":"https:\/\/api.w.org\/{rel}","templated":true}]}}