{"id":863,"date":"2005-07-03T21:24:02","date_gmt":"2005-07-04T01:24:02","guid":{"rendered":"http:\/\/www.yvancliche.org\/?p=863"},"modified":"2013-12-03T21:26:09","modified_gmt":"2013-12-04T02:26:09","slug":"oussama-la-fabrication-dun-terroriste","status":"publish","type":"post","link":"https:\/\/www.yvancliche.org\/?p=863","title":{"rendered":"Oussama. La fabrication d&rsquo;un terroriste"},"content":{"rendered":"<p>Jonathan Randal, Oussama. La fabrication d&rsquo;un terroriste, Paris, Albin Michel, 2004. <\/p>\n<p>Nuit blanche, num\u00e9ro 99, juillet 2005<\/p>\n<p>Il fallait un grand reporter comme Jonathan Randal, qui a travaill\u00e9 dans le monde arabe comme correspondant du Washington Post pendant presque toute sa carri\u00e8re, pour produire un document aussi fouill\u00e9 et exhaustif sur le personnage probablement le plus connu (et le plus recherch\u00e9) du monde, Oussama Ben Laden.<\/p>\n<p>L&rsquo;auteur d\u00e9bute son livre en faisant part de sa d\u00e9ception de n&rsquo;avoir pu rencontrer le Saoudien dans le cadre de son investigation, mais compense largement cette lacune par ses nombreux contacts, qui lui permettent de retracer, de mani\u00e8re chronologique, le cheminement de ce terroriste plan\u00e9taire.<\/p>\n<p>Certaines id\u00e9es admises sont ainsi nuanc\u00e9es. Par exemple, fausse est la perception d&rsquo;un tournant radical dans la vie d&rsquo;un jeune Ben Laden s&rsquo;amusant dans les bo\u00eetes suisses avant de verser dans le radicalisme religieux. Oussama a plut\u00f4t d\u00e9montr\u00e9, d\u00e8s son jeune \u00e2ge, \u00e0 d\u00e9faut d&rsquo;une intelligence vive, un penchant marqu\u00e9 pour la religiosit\u00e9 \u00ab hard \u00bb. Et sa cible premi\u00e8re n&rsquo;est pas tant les \u00c9tats-Unis riches et arrogants, mais son Arabie natale, dont il pourfend les dirigeants au train de vie ind\u00e9cent, alli\u00e9s aux \u00ab crois\u00e9s \u00bb. <\/p>\n<p>S&rsquo;il r\u00e9ussit, en Am\u00e9rique, avec les attentats du 11 septembre, son meilleur \u00ab coup \u00bb, c&rsquo;est qu&rsquo;il voulait faire sentir aux \u00c9tats-Unis \u00ab l&rsquo;amertume de la d\u00e9faite et de l&rsquo;humiliation qu&rsquo;eux-m\u00eames avaient si souvent inflig\u00e9s aux musulmans depuis quatre si\u00e8cles de d\u00e9clin islamique et d&rsquo;affirmation occidentale \u00bb.<\/p>\n<p>Un des apports les plus int\u00e9ressants de l&rsquo;ouvrage, outre de rapporter avec force d\u00e9tails les p\u00e9r\u00e9grinations de Ben Laden, que ce soit au Soudan ou dans les collines sinueuses de l&rsquo;Afghanistan, est de faire la lumi\u00e8re sur les m\u00e9andres du financement de ce djihad mondial, avec ses ramifications allant des banques de Duba\u00ef aux ONG install\u00e9es en Arabie ou aux \u00c9tats-Unis. On obtient des dates, des noms, des lieux. Bref, du journalisme d&rsquo;enqu\u00eate port\u00e9 \u00e0 ses sommets.<\/p>\n","protected":false},"excerpt":{"rendered":"<p>Jonathan Randal, Oussama. La fabrication d&rsquo;un terroriste, Paris, Albin Michel, 2004. Nuit blanche, num\u00e9ro 99, juillet 2005 Il fallait un grand reporter comme Jonathan Randal, qui a travaill\u00e9 dans le monde arabe comme correspondant du Washington Post pendant presque toute sa carri\u00e8re, pour produire un document aussi fouill\u00e9 et exhaustif sur le personnage probablement le [&hellip;]<\/p>\n","protected":false},"author":1,"featured_media":0,"comment_status":"open","ping_status":"open","sticky":false,"template":"","format":"standard","meta":{"footnotes":""},"categories":[4],"tags":[118,119,27],"class_list":["post-863","post","type-post","status-publish","format-standard","hentry","category-critique_de_livres","tag-jonathan-randal","tag-oussama","tag-terrorisme"],"_links":{"self":[{"href":"https:\/\/www.yvancliche.org\/index.php?rest_route=\/wp\/v2\/posts\/863","targetHints":{"allow":["GET"]}}],"collection":[{"href":"https:\/\/www.yvancliche.org\/index.php?rest_route=\/wp\/v2\/posts"}],"about":[{"href":"https:\/\/www.yvancliche.org\/index.php?rest_route=\/wp\/v2\/types\/post"}],"author":[{"embeddable":true,"href":"https:\/\/www.yvancliche.org\/index.php?rest_route=\/wp\/v2\/users\/1"}],"replies":[{"embeddable":true,"href":"https:\/\/www.yvancliche.org\/index.php?rest_route=%2Fwp%2Fv2%2Fcomments&post=863"}],"version-history":[{"count":1,"href":"https:\/\/www.yvancliche.org\/index.php?rest_route=\/wp\/v2\/posts\/863\/revisions"}],"predecessor-version":[{"id":864,"href":"https:\/\/www.yvancliche.org\/index.php?rest_route=\/wp\/v2\/posts\/863\/revisions\/864"}],"wp:attachment":[{"href":"https:\/\/www.yvancliche.org\/index.php?rest_route=%2Fwp%2Fv2%2Fmedia&parent=863"}],"wp:term":[{"taxonomy":"category","embeddable":true,"href":"https:\/\/www.yvancliche.org\/index.php?rest_route=%2Fwp%2Fv2%2Fcategories&post=863"},{"taxonomy":"post_tag","embeddable":true,"href":"https:\/\/www.yvancliche.org\/index.php?rest_route=%2Fwp%2Fv2%2Ftags&post=863"}],"curies":[{"name":"wp","href":"https:\/\/api.w.org\/{rel}","templated":true}]}}