{"id":946,"date":"1988-04-04T12:12:42","date_gmt":"1988-04-04T16:12:42","guid":{"rendered":"http:\/\/www.yvancliche.org\/?p=946"},"modified":"2021-03-05T15:41:29","modified_gmt":"2021-03-05T20:41:29","slug":"letat-du-monde-1987-1988","status":"publish","type":"post","link":"https:\/\/www.yvancliche.org\/?p=946","title":{"rendered":"L&rsquo;\u00e9tat du monde 1987-1988"},"content":{"rendered":"<p>L&rsquo;\u00e9tat du monde 1987-1988, Montr\u00e9al, La D\u00e9couverte-Bor\u00e9al, 1987.<\/p>\n<p>Paix et s\u00e9curit\u00e9, vol. 3, no. 1, printemps 1988.<\/p>\n<p>Cette collection est devenue au fil des ans un outil d&rsquo;information pr\u00e9cieux pour tous ceux qui s&rsquo;int\u00e9ressent \u00e0 l&rsquo;actualit\u00e9 mondiale. La chronique Le monde en guerre de l&rsquo;\u00e9dition 1987-1988, comporte des articles-bilans sur le Sud-Pacifique, le Nicaragua, le Soudan et, pour une deuxi\u00e8me ann\u00e9e cons\u00e9cutive, l&rsquo;Afghanistan et le conflit Iran-Irak.<\/p>\n<p>L&rsquo;analyse de Jean Chesneaux sur le Sud-Pacifique arrive \u00e0 point pour nous renseigner sur la militarisation croissante de cette r\u00e9gion, qui \u00e9veille de plus en plus les app\u00e9tits des superpuissances, notamment les \u00c9tats-Unis.<\/p>\n<p>Autre article appr\u00e9ci\u00e9, celui d&rsquo;Anne Kraft sur le Sud-Soudan. Souvent oubli\u00e9, le Soudan n&rsquo;en est pas moins le site d&rsquo;une guerre vieille des premi\u00e8res ann\u00e9es de son ind\u00e9pendance.<\/p>\n<p>L&rsquo;auteure rappelle avec justesse que le conflit qui fait rage entre le Nord et le Sud oppose non seulement deux r\u00e9gions g\u00e9ographiquement diff\u00e9rentes, mais deux cultures, l&rsquo;une participant de l&rsquo;islam, l&rsquo;autre de l&rsquo;univers africain.<\/p>\n<p>L&rsquo;article de Marie-Chantill Barre sur le Nicaragua illustre les difficult\u00e9s qu&rsquo;ont les \u00c9tats-Unis \u00e0 isoler le Nicaragua de ses voisins latino-am\u00e9ricains. Ces derniers, en effet, ne voient pas l&rsquo;int\u00e9r\u00eat qu&rsquo;ils auraient de se d\u00e9partir d&rsquo;un partenaire commercial, membre de plein droit des diff\u00e9rents organismes d&rsquo;int\u00e9gration de la r\u00e9gion.<\/p>\n<p>Toutefois la radicalisation de l&rsquo;id\u00e9ologie sandiniste tend \u00e0 justifier la politique am\u00e9ricaine dans la r\u00e9gion. L&rsquo;auteure se demande si ce durcissement du r\u00e9gime sandiniste r\u00e9sulte des assauts de la Contra ou du processus interne propre \u00e0 la r\u00e9volution de 1979.<\/p>\n<p>Un des traits marquants de l&rsquo;ann\u00e9e 1987 aura \u00e9t\u00e9 le changement d&rsquo;attitude du monde occidental face au r\u00e9gime d&rsquo;apartheid r\u00e9gnant en Afrique du Sud.<\/p>\n<p>Jean Claude Barbier note que ce ne sont pas les \u00e9meutes, mais la persistance du statu quo qui a secou\u00e9 l&rsquo;opinion internationale.<\/p>\n<p>Suite aux sanctions timides adopt\u00e9es contre l&rsquo;Afrique du Sud, le chemin est long, mentionne l&rsquo;auteur, avant que les pays occidentaux collaborent pour mettre fin au r\u00e9gime anachronique d&rsquo;Afrique du Sud.<\/p>\n<p>Le terrorisme est devenu, surtout depuis les ann\u00e9es 1970, un instrument strat\u00e9gique privil\u00e9gi\u00e9 de groupuscules r\u00e9volutionnaires d\u00e9sirant s&rsquo;attirer un maximum de publicit\u00e9. Sven Ortoli propose, dans son essai Le message, c&rsquo;est l&rsquo;attentat, une analyse du terrorisme dans le monde depuis la fin du 19e si\u00e8cle.<\/p>\n<p>Si les m\u00e9dias ne sont pas la cause du terrorisme, dit l&rsquo;auteur, ils expliquent, du moins en partie, la croissance fulgurante du nombre et de l&rsquo;ampleur des attentats commis pour des causes politiques. Auparavant, les terroristes s&rsquo;en prenaient surtout aux repr\u00e9sentants des \u00c9tats qu&rsquo;ils voulaient humilier : ambassadeurs, attach\u00e9s militaires, etc. Mais ils frappent aujourd&rsquo;hui \u00ab ceux qui passent au mauvais endroit au mauvais moment \u00bb. Comme chacun peut \u00eatre touch\u00e9, la terreur n&rsquo;en est ainsi que plus grande parmi la population.<\/p>\n<p>Traitant de sujets vari\u00e9s et nombreux, L&rsquo;\u00e9tat du monde 1987-1988 occupera pour de longs moments les f\u00e9rus de l&rsquo;actualit\u00e9 mondiale.<\/p>\n<p>Quelques faiblesses toutefois : le nombre \u00e9lev\u00e9 de collaborateurs a pour corollaire un traitement tr\u00e8s diversifi\u00e9 des sujets abord\u00e9s : quelques-uns peuvent plaire, d&rsquo;autres moins. L&rsquo;objectif de L&rsquo;\u00e9tat du monde n&rsquo;est pas de fournir aux lecteurs des analyses approfondies, mais de les initier aux th\u00e8mes br\u00fblants de la vie internationale.<\/p>\n","protected":false},"excerpt":{"rendered":"<p>L&rsquo;\u00e9tat du monde 1987-1988, Montr\u00e9al, La D\u00e9couverte-Bor\u00e9al, 1987. Paix et s\u00e9curit\u00e9, vol. 3, no. 1, printemps 1988. Cette collection est devenue au fil des ans un outil d&rsquo;information pr\u00e9cieux pour tous ceux qui s&rsquo;int\u00e9ressent \u00e0 l&rsquo;actualit\u00e9 mondiale. La chronique Le monde en guerre de l&rsquo;\u00e9dition 1987-1988, comporte des articles-bilans sur le Sud-Pacifique, le Nicaragua, le [&hellip;]<\/p>\n","protected":false},"author":1,"featured_media":0,"comment_status":"open","ping_status":"open","sticky":false,"template":"","format":"standard","meta":{"footnotes":""},"categories":[4],"tags":[347],"class_list":["post-946","post","type-post","status-publish","format-standard","hentry","category-critique_de_livres","tag-etat-du-monde"],"_links":{"self":[{"href":"https:\/\/www.yvancliche.org\/index.php?rest_route=\/wp\/v2\/posts\/946","targetHints":{"allow":["GET"]}}],"collection":[{"href":"https:\/\/www.yvancliche.org\/index.php?rest_route=\/wp\/v2\/posts"}],"about":[{"href":"https:\/\/www.yvancliche.org\/index.php?rest_route=\/wp\/v2\/types\/post"}],"author":[{"embeddable":true,"href":"https:\/\/www.yvancliche.org\/index.php?rest_route=\/wp\/v2\/users\/1"}],"replies":[{"embeddable":true,"href":"https:\/\/www.yvancliche.org\/index.php?rest_route=%2Fwp%2Fv2%2Fcomments&post=946"}],"version-history":[{"count":4,"href":"https:\/\/www.yvancliche.org\/index.php?rest_route=\/wp\/v2\/posts\/946\/revisions"}],"predecessor-version":[{"id":2814,"href":"https:\/\/www.yvancliche.org\/index.php?rest_route=\/wp\/v2\/posts\/946\/revisions\/2814"}],"wp:attachment":[{"href":"https:\/\/www.yvancliche.org\/index.php?rest_route=%2Fwp%2Fv2%2Fmedia&parent=946"}],"wp:term":[{"taxonomy":"category","embeddable":true,"href":"https:\/\/www.yvancliche.org\/index.php?rest_route=%2Fwp%2Fv2%2Fcategories&post=946"},{"taxonomy":"post_tag","embeddable":true,"href":"https:\/\/www.yvancliche.org\/index.php?rest_route=%2Fwp%2Fv2%2Ftags&post=946"}],"curies":[{"name":"wp","href":"https:\/\/api.w.org\/{rel}","templated":true}]}}