{"id":988,"date":"2002-10-05T15:48:54","date_gmt":"2002-10-05T19:48:54","guid":{"rendered":"http:\/\/www.yvancliche.org\/?p=988"},"modified":"2014-01-07T14:50:49","modified_gmt":"2014-01-07T19:50:49","slug":"le-nepad-un-nouveau-depart","status":"publish","type":"post","link":"https:\/\/www.yvancliche.org\/?p=988","title":{"rendered":"Le NEPAD, un nouveau d\u00e9part ?"},"content":{"rendered":"<p>Bulletin MBA, octobre 2002<\/p>\n<p>Parmi les grands probl\u00e8mes mondiaux qui persistent en ce d\u00e9but de XXIe si\u00e8cle, l&rsquo;un des plus difficiles \u00e0 endiguer reste le sous-d\u00e9veloppement chronique de l&rsquo;Afrique.<\/p>\n<p>Le premier ministre Chr\u00e9tien l&rsquo;a bien compris, lui qui veut faire du d\u00e9collage \u00e9conomique africain l&rsquo;un des derniers grands chantiers de sa longue carri\u00e8re. Le premier ministre se fait en effet le champion du NEPAD, le Nouveau partenariat pour le d\u00e9veloppement de l&rsquo;Afrique, d\u00e9battu l&rsquo;\u00e9t\u00e9 dernier lors du dernier sommet du G8.<\/p>\n<p>Il s&rsquo;agit d&rsquo;un plan de relance de l&rsquo;\u00e9conomie de l&rsquo;Afrique, \u00e9labor\u00e9 par les Africains eux-m\u00eames et qui a re\u00e7u l&rsquo;appui des 53 \u00e9tats du continent. Le \u00ab cas \u00bb africain a en effet de quoi d\u00e9fier les meilleures analyses. Ce continent rec\u00e8le en effet d&rsquo;innombrables ressources mat\u00e9rielles, du gaz en passant par le diamant, voire m\u00eame l&rsquo;eau si l&rsquo;on pense au fleuve Inga en R\u00e9publique d\u00e9mocratique du Congo.<\/p>\n<p>L&rsquo;Afrique a re\u00e7u depuis trente ans des milliards de dollars en aide pour des projets de toutes sortes, notamment dans le domaine des infrastructures (\u00e9nergie, t\u00e9l\u00e9communications, transport, etc.), de la part des banques multilat\u00e9rales et des banques de d\u00e9veloppement nationales, dont l&rsquo;Agence canadienne de d\u00e9veloppement international (ACDI).<\/p>\n<p>Richesses humaines aussi quand on pense que les dirigeants africains ont souvent \u00e9t\u00e9 form\u00e9s \u00e0 des grades sup\u00e9rieurs dans les meilleures universit\u00e9s d&rsquo;Europe et d&rsquo;Am\u00e9rique du Nord.<\/p>\n<p>Pourtant &#8230; le continent s&rsquo;enfonce dans la mis\u00e8re et cumule du retard par rapport \u00e0 ses partenaires latino-am\u00e9ricains et asiatiques.<\/p>\n<p>L&rsquo;exp\u00e9rience africaine d\u00e9montre plus que tout qu&rsquo;il ne suffit pas de construire des ponts et des routes, de b\u00e2tir des centrales. Encore faut-il que l&rsquo;environnement politique, \u00e9conomique et social soit propice au d\u00e9veloppement. Or, c&rsquo;est justement \u00e0 ce niveau que l&rsquo;Afrique est en d\u00e9ficit : les conditions g\u00e9n\u00e9rales de la soci\u00e9t\u00e9 permettent peu \u00e0 l&rsquo;\u00e9pargne de se d\u00e9velopper et aux \u00e9nergies cr\u00e9atrices de se manifester. .. et encore moins \u00e0 l&rsquo;argent de circuler et \u00e0 l&rsquo;investisseur d&rsquo;assumer un risque calcul\u00e9.<\/p>\n<p>Les dirigeants africains, du moins certains d&rsquo;entre eux, reconnaissent maintenant cette v\u00e9rit\u00e9 et pr\u00e9conisent un m\u00e9nage dans leur propre cour.<\/p>\n<p>Au lieu de qu\u00e9mander de l&rsquo;aide ou de bl\u00e2mer des forces ext\u00e9rieures suppos\u00e9ment ligu\u00e9es contre leurs pays, ces leaders disent, ouvertement, qu&rsquo;il leur faut changer leur approche et implanter de vraies r\u00e9formes pouvant conduire \u00e0 l&rsquo;\u00e9mergence de leur \u00e9conomie nationale.<\/p>\n<p>On parle ici de cadre l\u00e9gal et r\u00e9glementaire ouvert et transparent, d&rsquo;un syst\u00e8me judiciaire ind\u00e9pendant, d&rsquo;une fonction publique comp\u00e9tente, bref, de l&rsquo;instauration de pratiques de saine et bonne gouvernance.<\/p>\n<p>Il aura fallu du temps, beaucoup de temps, des \u00e9checs r\u00e9p\u00e9t\u00e9s et une aggravation marqu\u00e9e de la situation \u00e9conomique et sociale pour en arriver \u00e0 ce difficile constat. Il est donc permis d&rsquo;esp\u00e9rer que, cette fois, les dirigeants africains vont tenter d&rsquo;infl\u00e9chir les politiques de leur pays en proc\u00e9dant, en m\u00eame temps, \u00e0 l&rsquo;assainissement des conditions \u00e9conomiques locales, mais aussi, encore plus important, \u00e0 la promotion de valeurs appropri\u00e9es au d\u00e9veloppement humain, soit celles de rigueur, de respect des r\u00e8gles de droit et d&rsquo;int\u00e9grit\u00e9 de la soci\u00e9t\u00e9 civile. Le succ\u00e8s du NEPAD et l&rsquo;avenir du continent africain en d\u00e9pendent largement.<\/p>\n","protected":false},"excerpt":{"rendered":"<p>Bulletin MBA, octobre 2002 Parmi les grands probl\u00e8mes mondiaux qui persistent en ce d\u00e9but de XXIe si\u00e8cle, l&rsquo;un des plus difficiles \u00e0 endiguer reste le sous-d\u00e9veloppement chronique de l&rsquo;Afrique. Le premier ministre Chr\u00e9tien l&rsquo;a bien compris, lui qui veut faire du d\u00e9collage \u00e9conomique africain l&rsquo;un des derniers grands chantiers de sa longue carri\u00e8re. Le premier [&hellip;]<\/p>\n","protected":false},"author":1,"featured_media":0,"comment_status":"open","ping_status":"open","sticky":false,"template":"","format":"standard","meta":{"footnotes":""},"categories":[1],"tags":[49,359],"class_list":["post-988","post","type-post","status-publish","format-standard","hentry","category-opinions","tag-afrique","tag-nepad"],"_links":{"self":[{"href":"https:\/\/www.yvancliche.org\/index.php?rest_route=\/wp\/v2\/posts\/988","targetHints":{"allow":["GET"]}}],"collection":[{"href":"https:\/\/www.yvancliche.org\/index.php?rest_route=\/wp\/v2\/posts"}],"about":[{"href":"https:\/\/www.yvancliche.org\/index.php?rest_route=\/wp\/v2\/types\/post"}],"author":[{"embeddable":true,"href":"https:\/\/www.yvancliche.org\/index.php?rest_route=\/wp\/v2\/users\/1"}],"replies":[{"embeddable":true,"href":"https:\/\/www.yvancliche.org\/index.php?rest_route=%2Fwp%2Fv2%2Fcomments&post=988"}],"version-history":[{"count":2,"href":"https:\/\/www.yvancliche.org\/index.php?rest_route=\/wp\/v2\/posts\/988\/revisions"}],"predecessor-version":[{"id":1661,"href":"https:\/\/www.yvancliche.org\/index.php?rest_route=\/wp\/v2\/posts\/988\/revisions\/1661"}],"wp:attachment":[{"href":"https:\/\/www.yvancliche.org\/index.php?rest_route=%2Fwp%2Fv2%2Fmedia&parent=988"}],"wp:term":[{"taxonomy":"category","embeddable":true,"href":"https:\/\/www.yvancliche.org\/index.php?rest_route=%2Fwp%2Fv2%2Fcategories&post=988"},{"taxonomy":"post_tag","embeddable":true,"href":"https:\/\/www.yvancliche.org\/index.php?rest_route=%2Fwp%2Fv2%2Ftags&post=988"}],"curies":[{"name":"wp","href":"https:\/\/api.w.org\/{rel}","templated":true}]}}