{"id":990,"date":"1983-11-05T16:02:55","date_gmt":"1983-11-05T21:02:55","guid":{"rendered":"http:\/\/www.yvancliche.org\/?p=990"},"modified":"2013-12-07T18:14:58","modified_gmt":"2013-12-07T23:14:58","slug":"lallemagne-au-coeur-du-debat-de-securite","status":"publish","type":"post","link":"https:\/\/www.yvancliche.org\/?p=990","title":{"rendered":"L&rsquo;Allemagne au coeur d&rsquo;un d\u00e9bat sur la s\u00e9curit\u00e9 nationale"},"content":{"rendered":"<p>Le Continuum, 29 novembre 1983<\/p>\n<p>L&rsquo;ALLEMAGNE f\u00e9d\u00e9rale est le pays occidental o\u00f9 la politique de d\u00e9fense est la plus d\u00e9battue. La pr\u00e9sence des Verts (parti \u00e9cologique) au Parlement f\u00e9d\u00e9ral et l&rsquo;ampleur du mouvement pacifiste t\u00e9moignent de la crise que traverse ce pays, le premier expos\u00e9 \u00e0 une \u00e9ventuelle guerre nucl\u00e9aire en Europe.<\/p>\n<p>L&rsquo;Allemagne f\u00e9d\u00e9rale a consacr\u00e9 en 1982 un montant d&rsquo;environ 18,2 milliards de dollars U.S. \u00e0 son budget de d\u00e9fense. M\u00eame si ce montant en fait un des pays europ\u00e9ens qui d\u00e9pense le plus en mati\u00e8re d&rsquo;armement, toute la politique de d\u00e9fense de l&rsquo;Allemagne se fonde sur la garantie nucl\u00e9aire am\u00e9ricaine. <\/p>\n<p>Contrairement \u00e0 la France, qui s&rsquo;est d\u00e9tach\u00e9e de l&rsquo;organisation militaire de l&rsquo;OTAN pour prendre seule en main sa force de frappe, l&rsquo;Allemagne f\u00e9d\u00e9rale compte sur l&rsquo;utilisation imm\u00e9diate des armes tactiques am\u00e9ricaines en cas de conflit sur le th\u00e9\u00e2tre europ\u00e9en.<\/p>\n<p>L&rsquo;effort de r\u00e9armement allemand date de la guerre de Cor\u00e9e, \u00e0 l&rsquo;\u00e9poque o\u00f9 les Am\u00e9ricains voulaient faire de l&rsquo;Allemagne le rempart europ\u00e9en contre la mont\u00e9e du communisme. Pour les dirigeants allemands, il s&rsquo;agissait alors d&rsquo;assurer la souverainet\u00e9 du pays, quoique l&rsquo;entreprise ne fait pas l&rsquo;objet d&rsquo;un consensus national.<\/p>\n<p>Par la suite, surtout \u00e0 partir de la fin des ann\u00e9es 60, la politique de d\u00e9fense allemande sera hant\u00e9e par le probl\u00e8me du \u00ab couplage \u00bb. Il s&rsquo;agit d&rsquo;associer \u00e9troitement les \u00c9tats-Unis \u00e0 la d\u00e9fense de l&rsquo;Europe. Cette association permet d&rsquo;\u00e9viter que les super-grands n&#8217;emploient le seul th\u00e9\u00e2tre europ\u00e9en pour leurs op\u00e9rations de guerre gardant leurs propres territoires.<\/p>\n<p>En fait, la pr\u00e9sence de soldats am\u00e9ricains en Allemagne r\u00e9pond \u00e0 cette pr\u00e9occupation. Ainsi, jusqu&rsquo;en 1977, les \u00c9tats-Unis croient que le syst\u00e8me nucl\u00e9aire bas\u00e9 sur le sol am\u00e9ricain est suffisant pour assurer la d\u00e9fense de l&rsquo;Europe. <\/p>\n<p>Toutefois, le d\u00e9s\u00e9quilibre engendr\u00e9 par le d\u00e9ploiement des missiles sovi\u00e9tiques SS-20 force les dirigeants de l&rsquo;OTAN \u00e0 la fameuse double d\u00e9cision de d\u00e9cembre 1979 : le d\u00e9ploiement \u00e0 la fin 1983 de 464 missiles de croisi\u00e8re et de 108 Pershing-2 en Europe (Grande-Bretagne, Belgique, Pays-Bas, Italie), et principalement en Allemagne f\u00e9d\u00e9rale, et ce parall\u00e8lement \u00e0 des n\u00e9gociations en vue de r\u00e9duire ces m\u00eames armements.<\/p>\n<p>Pour les Allemands, initiateurs de la proposition, l&rsquo;objectif est double : stopper l&rsquo;accroissement du nombre de missiles sovi\u00e9tiques point\u00e9s vers l&rsquo;Europe et resserrer les liens de d\u00e9fense entre l&rsquo;Europe et les \u00c9tats-Unis.<\/p>\n<p>\u00c0 partir de ce moment, les probl\u00e8mes de s\u00e9curit\u00e9 deviennent un probl\u00e8me de plus en plus important pour les dirigeants de la R.F.A. Il en est de m\u00eame pour l&rsquo;ensemble de la population. Les missiles qui devront \u00eatre d\u00e9ploy\u00e9s sont consid\u00e9r\u00e9s offensifs et dangereux. L&rsquo;arriv\u00e9e au pouvoir du pr\u00e9sident Reagan, la pouss\u00e9e de l&rsquo;effort am\u00e9ricain en armements, et quelques d\u00e9clarations ambigu\u00ebs et belliqueuses ont eu pour cons\u00e9quence de d\u00e9clencher des mouvements d&rsquo;opinion de grande envergure : la presse mondiale parlera alors du neutralisme et du pacifisme, voire de l&rsquo;anti-am\u00e9ricanisme d&rsquo;une partie de l&rsquo;opinion allemande.<\/p>\n<p>L&rsquo;ampleur de la victoire le 6 mars dernier des Chr\u00e9tiens-d\u00e9mocrates du chancelier Helmut Kohl (55,6% des voix) d\u00e9montre que les questions \u00e9conomiques sont plus importantes que les pr\u00e9occupations de d\u00e9fense : M. Kohl, partisan acharn\u00e9 du d\u00e9ploiement, a remport\u00e9 la victoire sur le candidat social d\u00e9mocrate Hans-Jochen Vogel, partisan d&rsquo;un appui limit\u00e9 au plan de l&rsquo;OTAN.<\/p>\n<p>Par contre, le chancelier doit composer avec la pr\u00e9sence au Bundestag du parti des Verts, parti \u00e9cologique farouchement hostile au d\u00e9ploiement des armes nucl\u00e9aires. <\/p>\n<p>Dirig\u00e9s par P\u00e9tra Kelly et soutenus par les jeunes, les Verts promettent une forte opposition \u00e0 l&rsquo;installation des missiles de l&rsquo;OTAN. Leur slogan est \u00ab Construire la paix sans armes \u00bb. Le parti, d&rsquo;inspiration non violente, s&rsquo;est engag\u00e9 \u00e0 faire aucun compromis \u00e0 ce sujet et menace m\u00eame d&rsquo;entreprendre une \u00ab guerre civile pacifique \u00bb pour emp\u00eacher l&rsquo;arriv\u00e9e et l&rsquo;installation des missiles.<\/p>\n","protected":false},"excerpt":{"rendered":"<p>Le Continuum, 29 novembre 1983 L&rsquo;ALLEMAGNE f\u00e9d\u00e9rale est le pays occidental o\u00f9 la politique de d\u00e9fense est la plus d\u00e9battue. La pr\u00e9sence des Verts (parti \u00e9cologique) au Parlement f\u00e9d\u00e9ral et l&rsquo;ampleur du mouvement pacifiste t\u00e9moignent de la crise que traverse ce pays, le premier expos\u00e9 \u00e0 une \u00e9ventuelle guerre nucl\u00e9aire en Europe. L&rsquo;Allemagne f\u00e9d\u00e9rale a [&hellip;]<\/p>\n","protected":false},"author":1,"featured_media":0,"comment_status":"open","ping_status":"open","sticky":false,"template":"","format":"standard","meta":{"footnotes":""},"categories":[1],"tags":[360,361],"class_list":["post-990","post","type-post","status-publish","format-standard","hentry","category-opinions","tag-allemagne","tag-defense-nationale"],"_links":{"self":[{"href":"https:\/\/www.yvancliche.org\/index.php?rest_route=\/wp\/v2\/posts\/990","targetHints":{"allow":["GET"]}}],"collection":[{"href":"https:\/\/www.yvancliche.org\/index.php?rest_route=\/wp\/v2\/posts"}],"about":[{"href":"https:\/\/www.yvancliche.org\/index.php?rest_route=\/wp\/v2\/types\/post"}],"author":[{"embeddable":true,"href":"https:\/\/www.yvancliche.org\/index.php?rest_route=\/wp\/v2\/users\/1"}],"replies":[{"embeddable":true,"href":"https:\/\/www.yvancliche.org\/index.php?rest_route=%2Fwp%2Fv2%2Fcomments&post=990"}],"version-history":[{"count":5,"href":"https:\/\/www.yvancliche.org\/index.php?rest_route=\/wp\/v2\/posts\/990\/revisions"}],"predecessor-version":[{"id":1249,"href":"https:\/\/www.yvancliche.org\/index.php?rest_route=\/wp\/v2\/posts\/990\/revisions\/1249"}],"wp:attachment":[{"href":"https:\/\/www.yvancliche.org\/index.php?rest_route=%2Fwp%2Fv2%2Fmedia&parent=990"}],"wp:term":[{"taxonomy":"category","embeddable":true,"href":"https:\/\/www.yvancliche.org\/index.php?rest_route=%2Fwp%2Fv2%2Fcategories&post=990"},{"taxonomy":"post_tag","embeddable":true,"href":"https:\/\/www.yvancliche.org\/index.php?rest_route=%2Fwp%2Fv2%2Ftags&post=990"}],"curies":[{"name":"wp","href":"https:\/\/api.w.org\/{rel}","templated":true}]}}