{"id":993,"date":"1983-11-28T16:14:13","date_gmt":"1983-11-28T21:14:13","guid":{"rendered":"http:\/\/www.yvancliche.org\/?p=993"},"modified":"2013-12-07T18:09:52","modified_gmt":"2013-12-07T23:09:52","slug":"leurope-sous-la-vague-pacifiste","status":"publish","type":"post","link":"https:\/\/www.yvancliche.org\/?p=993","title":{"rendered":"L&rsquo;Europe sous la vague pacifiste"},"content":{"rendered":"<p>Le Continuum, 28 novembre 1983<\/p>\n<p>CONTRAIREMENT \u00e0 ce qu&rsquo;on croit g\u00e9n\u00e9ralement, le pacifisme n&rsquo;est pas n\u00e9 avec l&rsquo;apparition des armes nucl\u00e9aires. D\u00e9j\u00e0, avant la Premi\u00e8re Guerre mondiale, certains socialistes, par la voie d&rsquo;institutions \u00e9tablies, s&rsquo;opposaient vivement au d\u00e9clenchement d&rsquo;hostilit\u00e9s militaires comme moyen potentiel de r\u00e9gler les conflits entre les nations.<\/p>\n<p>La Seconde Guerre mondiale a renforc\u00e9 le sentiment anti-guerre dans le monde. L&rsquo;installation d&rsquo;armes nucl\u00e9aires, toutefois, a chang\u00e9 la donne. Lors d&rsquo;un autre conflit mondial, il risque d&rsquo;y avoir aucun vainqueur et presque aucun survivant.<\/p>\n<p>Apr\u00e8s la Deuxi\u00e8me guerre mondiale donc, les pacifistes mettent sur pied des organisations visant \u00e0 emp\u00eacher l&rsquo;arriv\u00e9e ou la prolif\u00e9ration d&rsquo;armes nucl\u00e9aires dans les pays europ\u00e9ens. Leur succ\u00e8s d\u00e9pendra de la \u00ab sant\u00e9 \u00bb des relations internationales, et plus particuli\u00e8rement des rapports Est-Ouest.<\/p>\n<p>Apr\u00e8s 1977, jugeant sa position strat\u00e9gique d\u00e9grad\u00e9e par l&rsquo;installation de missiles SS-20, l&rsquo;OTAN d\u00e9cide de placer des Pershings en Europe de l&rsquo;Ouest. Parall\u00e8lement, la rh\u00e9torique belliqueuse du gouvernement am\u00e9ricain suscite une v\u00e9ritable psychose de guerre dans le Vieux Continent. <\/p>\n<p>\u00c0 l&rsquo;automne 1981, deux millions d&rsquo;Europ\u00e9ens manifestent dans les rues. Restreint au d\u00e9part \u00e0 l&rsquo;Europe du Nord, le pacifisme s&rsquo;\u00e9tend alors partout en Occident. En Allemagne f\u00e9d\u00e9rale, le pacifisme est surtout repr\u00e9sent\u00e9 par 1e mouvement vert et l&rsquo;aile gauche du Parti social-d\u00e9mocrate (SPD). Parall\u00e8lement, de multiples groupes ont \u00e9t\u00e9 form\u00e9s et des centaines d&rsquo;associations, en plus des \u00c9glises, se sont prononc\u00e9s en faveur du d\u00e9sarmement.<\/p>\n<p>En Europe, la perc\u00e9e du pacifisme est moins importante, mais elle demeure tout de m\u00eame impressionnante. En Espagne et en Italie, des rassemblements de plusieurs milliers de personnes ont eu lieu, m\u00eame si l&rsquo;appel est moins ardemment suivi qu&rsquo;ailleurs.<\/p>\n<p>La r\u00e9ticence d&rsquo;une partie de la population de ces pays face \u00e0 l&rsquo;encadrement partiel des mouvements de la paix par les partis communistes locaux, ainsi que la moins grande implication des \u00c9glises, expliquent en partie cette moindre participation. En France, le consensus r\u00e8gne quant aux questions de d\u00e9fense. L&rsquo;ind\u00e9pendance du pays en mati\u00e8re nucl\u00e9aire amoindrit donc la mobilisation en faveur des rassemblements pacifistes.<\/p>\n<p>En g\u00e9n\u00e9ral, deux grandes critiques sont faites aux pacifistes europ\u00e9ens. Premi\u00e8rement, aucune grande manifestation pacifiste n&rsquo;a lieu en Europe de l&rsquo;Est. Par le fait m\u00eame, les pacifistes sont souvent accus\u00e9s d&rsquo;\u00eatre en alliance objective avec Moscou, qui voit d&rsquo;un bon oeil la remise en cause des politiques de d\u00e9fense en Occident.<\/p>\n<p>Deuxi\u00e8mement, l&rsquo;h\u00e9t\u00e9rog\u00e9n\u00e9it\u00e9 id\u00e9ologique du mouvement menace sa coh\u00e9sion et donc son poids et son impact sur la vie politique. D\u00e9j\u00e0, les Verts, fer de lance du pacifisme allemand, doivent c\u00e9der du terrain aux sociaux-d\u00e9mocrates de gauche dans la direction du mouvement pacifiste, comme en font foi les derni\u00e8res manifestations contre l&rsquo;installation des missiles de croisi\u00e8re et des Pershings.<\/p>\n<p>En ce moment, il est difficile de pr\u00e9voir l&rsquo;avenir du pacifisme. Depuis un si\u00e8cle, le mouvement de la paix a connu des hauts et des bas, selon les al\u00e9as de la politique mondiale. Apr\u00e8s la mise en place des euromissiles, rien ne nous assure en effet que les activit\u00e9s pacifistes vont demeurer aussi intenses qu&rsquo;elles le sont actuellement.<\/p>\n<p>Cependant, les armes nucl\u00e9aires seront encore parmi nous pour longtemps, et les manifestations pacifistes des ann\u00e9es pr\u00e9c\u00e9dentes ne seront s\u00fbrement pas les derni\u00e8res&#8230;<\/p>\n","protected":false},"excerpt":{"rendered":"<p>Le Continuum, 28 novembre 1983 CONTRAIREMENT \u00e0 ce qu&rsquo;on croit g\u00e9n\u00e9ralement, le pacifisme n&rsquo;est pas n\u00e9 avec l&rsquo;apparition des armes nucl\u00e9aires. D\u00e9j\u00e0, avant la Premi\u00e8re Guerre mondiale, certains socialistes, par la voie d&rsquo;institutions \u00e9tablies, s&rsquo;opposaient vivement au d\u00e9clenchement d&rsquo;hostilit\u00e9s militaires comme moyen potentiel de r\u00e9gler les conflits entre les nations. La Seconde Guerre mondiale a [&hellip;]<\/p>\n","protected":false},"author":1,"featured_media":0,"comment_status":"open","ping_status":"open","sticky":false,"template":"","format":"standard","meta":{"footnotes":""},"categories":[1],"tags":[362,363],"class_list":["post-993","post","type-post","status-publish","format-standard","hentry","category-opinions","tag-europe","tag-pacifisme"],"_links":{"self":[{"href":"https:\/\/www.yvancliche.org\/index.php?rest_route=\/wp\/v2\/posts\/993","targetHints":{"allow":["GET"]}}],"collection":[{"href":"https:\/\/www.yvancliche.org\/index.php?rest_route=\/wp\/v2\/posts"}],"about":[{"href":"https:\/\/www.yvancliche.org\/index.php?rest_route=\/wp\/v2\/types\/post"}],"author":[{"embeddable":true,"href":"https:\/\/www.yvancliche.org\/index.php?rest_route=\/wp\/v2\/users\/1"}],"replies":[{"embeddable":true,"href":"https:\/\/www.yvancliche.org\/index.php?rest_route=%2Fwp%2Fv2%2Fcomments&post=993"}],"version-history":[{"count":4,"href":"https:\/\/www.yvancliche.org\/index.php?rest_route=\/wp\/v2\/posts\/993\/revisions"}],"predecessor-version":[{"id":1246,"href":"https:\/\/www.yvancliche.org\/index.php?rest_route=\/wp\/v2\/posts\/993\/revisions\/1246"}],"wp:attachment":[{"href":"https:\/\/www.yvancliche.org\/index.php?rest_route=%2Fwp%2Fv2%2Fmedia&parent=993"}],"wp:term":[{"taxonomy":"category","embeddable":true,"href":"https:\/\/www.yvancliche.org\/index.php?rest_route=%2Fwp%2Fv2%2Fcategories&post=993"},{"taxonomy":"post_tag","embeddable":true,"href":"https:\/\/www.yvancliche.org\/index.php?rest_route=%2Fwp%2Fv2%2Ftags&post=993"}],"curies":[{"name":"wp","href":"https:\/\/api.w.org\/{rel}","templated":true}]}}