{"id":995,"date":"1984-02-13T16:20:13","date_gmt":"1984-02-13T21:20:13","guid":{"rendered":"http:\/\/www.yvancliche.org\/?p=995"},"modified":"2014-01-06T15:02:58","modified_gmt":"2014-01-06T20:02:58","slug":"strategie-militaire-et-information","status":"publish","type":"post","link":"https:\/\/www.yvancliche.org\/?p=995","title":{"rendered":"Strat\u00e9gie militaire et information"},"content":{"rendered":"<p>Le Continuum, 13 f\u00e9vrier 1984<\/p>\n<p>POUR NOMBRE d&rsquo;observateurs de la sc\u00e8ne politique, l&rsquo;ann\u00e9e 1983 aura \u00e9t\u00e9 celle des euromissiles. Le d\u00e9ploiement commenc\u00e9, \u00e0 la fin de l&rsquo;ann\u00e9e derni\u00e8re, des c\u00e9l\u00e8bres missiles de l&rsquo;OTAN aura donc \u00e9t\u00e9 l&rsquo;\u00e9v\u00e9nement politique qui a attir\u00e9 la plus grande couverture par la presse \u00e9crite et parl\u00e9e et qui a suscit\u00e9 le plus de commentaires des divers sp\u00e9cialistes de la sociologie politique.<\/p>\n<p>Aussi, en ce d\u00e9but d&rsquo;ann\u00e9e 1984, il n&rsquo;est pas surprenant de constater que l&rsquo;organisme universitaire \u00ab Le Club des Relations internationales (CRI) \u00bb ait fait de la strat\u00e9gie militaire le th\u00e8me de son 17e Congr\u00e8s annuel. Plus pr\u00e9cis\u00e9ment, le colloque du CRI, qui se d\u00e9roulera du 16 au 18 f\u00e9vrier prochain \u00e0 l&rsquo;H\u00f4tel du Parc portera sur \u00ab L&rsquo;environnement strat\u00e9gique dans les ann\u00e9es &rsquo;80 \u00bb.<\/p>\n<p>Selon le directeur du Congr\u00e8s, M. Jocelyn Coulon, l&rsquo;int\u00e9r\u00eat d&rsquo;une telle session r\u00e9side \u00ab en ce que depuis l&rsquo;apparition des armes nucl\u00e9aires, c&rsquo;est la premi\u00e8re fois qu&rsquo;on en parle tant au Qu\u00e9bec. Vu le manque d&rsquo;information pertinente, c&rsquo;est l&rsquo;occasion pour le grand public, et plus particuli\u00e8rement pour les \u00e9tudiants, de s&rsquo;informer sur des questions importantes concernant le d\u00e9bat nucl\u00e9aire \u00bb.<\/p>\n<p>Plusieurs invit\u00e9s de marque viendront situer le r\u00f4le des organisations nationales et entretenir le public sur divers aspects de l&rsquo;environnement strat\u00e9gique international. Notamment, le g\u00e9n\u00e9ral Pierre Gallois, p\u00e8re de la strat\u00e9gie de dissuasion fran\u00e7aise, parlera de l&rsquo;\u00e9volution des concepts strat\u00e9giques de l&rsquo;armement nucl\u00e9aire depuis 1945.<\/p>\n<p>Notons que M. Gallois pr\u00e9sidera \u00e9galement la conf\u00e9rence de cl\u00f4ture (banquet) qui portera sur le th\u00e8me du Congr\u00e8s.<\/p>\n<p>S&rsquo;il est un aspect fort complexe du d\u00e9bat nucl\u00e9aire, c&rsquo;est bien celui du contr\u00f4le des armements. Ce sujet sera abord\u00e9 par un sp\u00e9cialiste de la question, M. Andrew Pierre, du Council of Foreign Relations. La controverse des euromissiles, quant \u00e0 elle, soul\u00e8ve encore bien des remous. Pour nous \u00e9clairer davantage \u00e0 ce propos, MM. Yves Boyer, de l&rsquo;Institut fran\u00e7ais des Relations internationales et Simon Serfaty, de la prestigieuse Universit\u00e9 John Hopkins, interviendront sur l&rsquo;installation des euromissiles et sur l&rsquo;avenir de l&rsquo;OTAN.<\/p>\n<p>La conf\u00e9rence d&rsquo;ouverture sera pr\u00e9sid\u00e9e par M. Jean-Luc P\u00e9pin, ministre d&rsquo;\u00c9tat aux Relations ext\u00e9rieures, qui discutera du Canada et de la paix mondiale. MM. Charles-Philippe David et Guy Hevey essaieront de situer le r\u00f4le des organisations nationales et internationales dans le maintien de la paix. M. Pat Black, adjoint au sous-ministre des relations ext\u00e9rieures, traitera de la politique canadienne de d\u00e9fense, tandis que le docteur Georges Lindsey, directeur de la recherche op\u00e9rationnelle au minist\u00e8re de la D\u00e9fense du Canada, parlera du Canada et de l&rsquo;armement nucl\u00e9aire.<\/p>\n<p>Dans tout le d\u00e9bat nucl\u00e9aire, la place de l&rsquo;URSS demeure souvent ambigu\u00eb. La propagande nous pr\u00e9sente ce pays soit comme un agresseur, soit comme un pays subissant \u00ab l&rsquo;assaut \u00bb am\u00e9ricain. M. Mark Katz, de la Brooking Institution et M. Luc Duhamel, professeur de science politique \u00e0 l&rsquo;U de M, tenteront de nous brosser un tableau de la politique militaire de l&rsquo;Union sovi\u00e9tique face aux \u00c9tats-Unis et \u00e0 l&rsquo;Europe de l&rsquo;Ouest.<\/p>\n<p>La question nucl\u00e9aire embrasse maints champ d&rsquo;\u00e9tude et se r\u00e9percute sur plusieurs domaines d&rsquo;activit\u00e9s. Au plan juridique, M. Mircea Mateesco-Matte, professeur \u00e0 l&rsquo;Universit\u00e9 de Nantes apportera des pr\u00e9cisions sur l&rsquo;enjeu juridique du nouveau champs de bataille que constitue l&rsquo;espace. Enfin, les cons\u00e9quences politiques et technologiques seront abord\u00e9es par M. Harold Kl\u00e9pak, professeur au Coll\u00e8ge militaire de St-Jean.<\/p>\n<p>Notons qu&rsquo;il s&rsquo;agit-l\u00e0 du plus important Congr\u00e8s tenu par le CRI depuis sa fondation. Le Club tiendra au cours du colloque un comptoir de livres et de brochures et plusieurs kiosques seront organis\u00e9s par divers centres de recherche pour le b\u00e9n\u00e9fice des participants.<\/p>\n","protected":false},"excerpt":{"rendered":"<p>Le Continuum, 13 f\u00e9vrier 1984 POUR NOMBRE d&rsquo;observateurs de la sc\u00e8ne politique, l&rsquo;ann\u00e9e 1983 aura \u00e9t\u00e9 celle des euromissiles. Le d\u00e9ploiement commenc\u00e9, \u00e0 la fin de l&rsquo;ann\u00e9e derni\u00e8re, des c\u00e9l\u00e8bres missiles de l&rsquo;OTAN aura donc \u00e9t\u00e9 l&rsquo;\u00e9v\u00e9nement politique qui a attir\u00e9 la plus grande couverture par la presse \u00e9crite et parl\u00e9e et qui a suscit\u00e9 [&hellip;]<\/p>\n","protected":false},"author":1,"featured_media":0,"comment_status":"open","ping_status":"open","sticky":false,"template":"","format":"standard","meta":{"footnotes":""},"categories":[387],"tags":[365,364],"class_list":["post-995","post","type-post","status-publish","format-standard","hentry","category-articles","tag-jocelyn-coulon","tag-strategie-militaire"],"_links":{"self":[{"href":"https:\/\/www.yvancliche.org\/index.php?rest_route=\/wp\/v2\/posts\/995","targetHints":{"allow":["GET"]}}],"collection":[{"href":"https:\/\/www.yvancliche.org\/index.php?rest_route=\/wp\/v2\/posts"}],"about":[{"href":"https:\/\/www.yvancliche.org\/index.php?rest_route=\/wp\/v2\/types\/post"}],"author":[{"embeddable":true,"href":"https:\/\/www.yvancliche.org\/index.php?rest_route=\/wp\/v2\/users\/1"}],"replies":[{"embeddable":true,"href":"https:\/\/www.yvancliche.org\/index.php?rest_route=%2Fwp%2Fv2%2Fcomments&post=995"}],"version-history":[{"count":6,"href":"https:\/\/www.yvancliche.org\/index.php?rest_route=\/wp\/v2\/posts\/995\/revisions"}],"predecessor-version":[{"id":1630,"href":"https:\/\/www.yvancliche.org\/index.php?rest_route=\/wp\/v2\/posts\/995\/revisions\/1630"}],"wp:attachment":[{"href":"https:\/\/www.yvancliche.org\/index.php?rest_route=%2Fwp%2Fv2%2Fmedia&parent=995"}],"wp:term":[{"taxonomy":"category","embeddable":true,"href":"https:\/\/www.yvancliche.org\/index.php?rest_route=%2Fwp%2Fv2%2Fcategories&post=995"},{"taxonomy":"post_tag","embeddable":true,"href":"https:\/\/www.yvancliche.org\/index.php?rest_route=%2Fwp%2Fv2%2Ftags&post=995"}],"curies":[{"name":"wp","href":"https:\/\/api.w.org\/{rel}","templated":true}]}}