{"id":756,"count":1,"description":"","link":"https:\/\/www.yvancliche.org\/?tag=transition-energetique-quebec-geopolitique","name":"transition \u00e9nerg\u00e9tique; Qu\u00e9bec; g\u00e9opolitique","slug":"transition-energetique-quebec-geopolitique","taxonomy":"post_tag","meta":[],"_links":{"self":[{"href":"https:\/\/www.yvancliche.org\/index.php?rest_route=\/wp\/v2\/tags\/756","targetHints":{"allow":["GET"]}}],"collection":[{"href":"https:\/\/www.yvancliche.org\/index.php?rest_route=\/wp\/v2\/tags"}],"about":[{"href":"https:\/\/www.yvancliche.org\/index.php?rest_route=\/wp\/v2\/taxonomies\/post_tag"}],"wp:post_type":[{"href":"https:\/\/www.yvancliche.org\/index.php?rest_route=%2Fwp%2Fv2%2Fposts&tags=756"}],"curies":[{"name":"wp","href":"https:\/\/api.w.org\/{rel}","templated":true}]}}